{"id":527,"date":"2018-08-17T15:03:59","date_gmt":"2018-08-17T13:03:59","guid":{"rendered":"http:\/\/associationplumesaconnaitre.com\/?p=527"},"modified":"2018-09-17T08:51:43","modified_gmt":"2018-09-17T06:51:43","slug":"saison-2018-2019-des-rencontres-litteraires-apac-a-nancy","status":"publish","type":"post","link":"https:\/\/associationplumesaconnaitre.com\/index.php\/2018\/08\/17\/saison-2018-2019-des-rencontres-litteraires-apac-a-nancy\/","title":{"rendered":"Saison 2018\/2019 des rencontres litt\u00e9raires APAC \u00e0 Villers-l\u00e8s-Nancy"},"content":{"rendered":"<p><span style=\"font-family: Verdana, serif;\"><b>Rencontres Litt\u00e9raires APAC Saison 2018\/2019 \u00e0 Villers-l\u00e8s-Nancy <\/b><\/span><\/p>\n<p><span style=\"font-family: Verdana, serif;\"><span style=\"font-size: medium;\"><u><b>Ch\u00e2teau de Madame de Graffigny &#8211; 18h45-20h30<\/b><\/u><\/span><\/span><\/p>\n<p><em><span class=\"LrzXr\">Rue Albert 1er, 54600 Villers-l\u00e8s-Nancy<\/span><\/em><\/p>\n<p><em><span style=\"font-family: Verdana, serif;\"><img decoding=\"async\" loading=\"lazy\" class=\" wp-image-530 alignright\" src=\"http:\/\/associationplumesaconnaitre.com\/wp-content\/uploads\/2018\/08\/Laporte-couv.jpg\" alt=\"\" width=\"246\" height=\"395\" srcset=\"https:\/\/associationplumesaconnaitre.com\/wp-content\/uploads\/2018\/08\/Laporte-couv.jpg 351w, https:\/\/associationplumesaconnaitre.com\/wp-content\/uploads\/2018\/08\/Laporte-couv-187x300.jpg 187w\" sizes=\"(max-width: 246px) 100vw, 246px\" \/><\/span><\/em><\/p>\n<p><em><span style=\"font-family: Verdana, serif;\">Tous publics \/ <\/span><span style=\"font-family: Verdana, serif;\">Entr\u00e9e libre<\/span><\/em><\/p>\n<p><span style=\"color: #ff0000;\"><strong><em>*Jeudi 13 septembre 2018<\/em><\/strong><\/span><\/p>\n<p><strong>Gilles LAPORTE<\/strong><\/p>\n<p><span style=\"font-family: Verdana, serif;\">Rencontre litt\u00e9raire autour du dernier ouvrage de <strong>Gilles LAPORTE<\/strong>\u00a0\u00a0\u00a0\u00a0\u00a0\u00a0\u00a0\u00a0\u00a0\u00a0\u00a0\u00a0\u00a0\u00a0<em><strong> Les roses du Montfort ,<\/strong><\/em> paru en ao\u00fbt 2018 aux \u00e9ditions des Presses de la Cit\u00e9.<\/span><\/p>\n<p><span style=\"font-size: large;\"><b>Gilles Laporte<\/b><\/span><span style=\"font-size: large;\"> (n\u00e9 le <\/span><a href=\"https:\/\/fr.wikipedia.org\/wiki\/13_ao\u00fbt\"><span style=\"color: #00000a;\"><span style=\"font-size: large;\">13<\/span><\/span><\/a> <a href=\"https:\/\/fr.wikipedia.org\/wiki\/Ao\u00fbt_1945\"><span style=\"color: #00000a;\"><span style=\"font-size: large;\">ao\u00fbt<\/span><\/span><\/a> <a href=\"https:\/\/fr.wikipedia.org\/wiki\/1945\"><span style=\"color: #00000a;\"><span style=\"font-size: large;\">1945<\/span><\/span><\/a><span style=\"font-size: large;\"> \u00e0 <\/span><a href=\"https:\/\/fr.wikipedia.org\/wiki\/Igney_(Vosges)\"><span style=\"color: #00000a;\"><span style=\"font-size: large;\">Igney<\/span><\/span><\/a><span style=\"font-size: large;\"> dans les <\/span><a href=\"https:\/\/fr.wikipedia.org\/wiki\/Vosges_(d\u00e9partement)\"><span style=\"color: #00000a;\"><span style=\"font-size: large;\">Vosges<\/span><\/span><\/a><span style=\"font-size: large;\">) est un \u00e9crivain, sc\u00e9nariste, homme de radio-t\u00e9l\u00e9vision et conf\u00e9rencier <\/span><a href=\"https:\/\/fr.wikipedia.org\/wiki\/France\"><span style=\"color: #00000a;\"><span style=\"font-size: large;\">fran\u00e7ais<\/span><\/span><\/a><span style=\"font-size: large;\">. <\/span><\/p>\n<p><span style=\"font-size: large;\">Membre du jury du Prix Erckmann-Chatrian<\/span><\/p>\n<p><span style=\"font-size: large;\">Chevalier dans l&#8217;Ordre national des Arts et des Lettres <\/span><u><b><\/b><\/u><\/p>\n<p><span style=\"color: #ff0000;\"><em><strong>*Vendredi 12 octobre 2018<\/strong><\/em><\/span><\/p>\n<p><strong>Eric FREYSSELINARD<\/strong><\/p>\n<p><span style=\"font-family: Verdana, serif;\"><b>Monsieur Eric Freysselinard<\/b><\/span><span style=\"font-family: Verdana, serif;\">, pr\u00e9fet de Meurthe et Moselle, pour un entretien autour de son dernier ouvrage <\/span><\/p>\n<p><em><span style=\"font-family: Verdana, serif;\"><strong>Comment la III \u00e8me r\u00e9publique a sombr\u00e9. Journal de Marguerite, \u00e9pouse d\u2019Albert Lebrun,<\/strong> <\/span><\/em><span style=\"font-family: Verdana, serif;\">Ouvrage publi\u00e9 aux presses universitaires de Lorraine en septembre 2018<\/span><u><\/u><\/p>\n<p><span style=\"color: #ff0000;\"><em><strong>*Vendredi 23 novembre 2018<\/strong><\/em><\/span><\/p>\n<p><strong>Paul HAYDONT<\/strong><\/p>\n<p><span style=\"font-family: Verdana, serif;\">\u00a0<em><strong>L\u2019humour et l\u2019\u00e9criture musicale ,<\/strong><\/em> sketches de Raymond Devos \/Musiques et chansons.<\/span><u><b><\/b><\/u><\/p>\n<p><span style=\"color: #ff0000;\"><em><strong>*Vendredi 8 f\u00e9vrier 2019<\/strong><\/em><\/span><\/p>\n<p><strong>H\u00e9l\u00e8ne GESTERN<\/strong><\/p>\n<p>Entretien autour de son dernier ouvrage <em><strong>L&#8217;eau qui dort &#8211; <\/strong>Editions Arlea\/Octobre 2018<\/em><\/p>\n<p>H\u00e9l\u00e8ne GESTERN vit et travaille \u00e0 Nancy. Elle est l\u2019auteur de<strong> <i>Eux sur la photo <\/i><\/strong>(2011), <strong><i>La Part du feu<\/i><\/strong> (2013) et <strong><i>Portrait d\u2019apr\u00e8s blessure<\/i><\/strong> (2014), tous publi\u00e9s chez Arl\u00e9a.<br \/>\n<strong><i>Eux sur la photo<\/i><\/strong>, son premier roman, s\u2019est vendu \u00e0 plus de 60.000 exemplaires.<\/p>\n<p>Le livre a \u00e9t\u00e9 traduit dans plusieurs langues.<\/p>\n<p><span style=\"color: #ff0000;\"><em><strong>*Vendredi 15 mars 2019<\/strong><\/em><\/span><\/p>\n<p><strong>Printemps des po\u00e8tes, Th\u00e8me 2019: <em>La beaut\u00e9<\/em><\/strong><\/p>\n<p><em><span style=\"font-family: Verdana, serif;\">Sc\u00e8ne ouverte \u00e0 tous (textes personnels ou tomb\u00e9s dans le domaine public) accompagnement musical par le groupe <strong>Jeudi soir<br \/>\n<\/strong><\/span><\/em><\/p>\n<p><span style=\"color: #ff0000;\"><em><strong>*Vendredi 26 avril 2019<\/strong><\/em><\/span><\/p>\n<p><strong>Lilyane BEAUQUEL<\/strong><\/p>\n<p>Entretien autour de son dernier ouvrage <em><strong>L&#8217;ann\u00e9e des nuages <\/strong>&#8211; Publi\u00e9 chez Gallimard\/2019<\/em><\/p>\n<p><span style=\"font-size: large;\"><b>Lilyane Beauquel<\/b><\/span><span style=\"font-size: large;\">, n\u00e9e \u00e0 <a href=\"https:\/\/fr.wikipedia.org\/wiki\/Nancy\">Nancy<\/a>, est une romanci\u00e8re fran\u00e7aise dont les voyages fondent l&#8217;\u00e9criture.<\/span><b> <\/b><\/p>\n<p><span style=\"color: #ff0000;\"><em><strong>*Vendredi 7 juin 2019<\/strong><\/em><\/span><\/p>\n<p><strong>\u00c0 la rencontre de la po\u00e9sie et de la photo d&#8217;art: le Nu<\/strong><\/p>\n<p><em><strong>Un absolu abandon, <\/strong>Photos de <strong>Pierre MARCEL<\/strong>, textes de <strong>Genevi\u00e8ve KORMANN <\/strong>pour un dialogue crois\u00e9 du regard d&#8217;un homme pos\u00e9 sur les femmes \u00e0 celui d&#8217;une femme<\/em><\/p>\n<p><strong>Bernard APPEL<\/strong>, \u00e0 son tour, a pos\u00e9 ses \u00e9motions d&#8217;homme sur les images du photographe&#8230; et souvent \u00e0 contre courant de la sensibilit\u00e9 f\u00e9minine de Genevi\u00e8ve KORMANN<\/p>\n<p><em>Ces rencontres seront anim\u00e9es par <\/em><strong>Nicole BARDIN-LAPORTE<\/strong><em>, responsable de l&#8217;antenne-Nancy de l&#8217;APAC. Nous vous y attendons nombreux pour ces moments rares d&#8217;\u00e9changes entre les auteurs et les lecteurs, dans une ambiance toujours conviviale et chaleureuse!<\/em><\/p>\n","protected":false},"excerpt":{"rendered":"<p>Rencontres Litt\u00e9raires APAC Saison 2018\/2019 \u00e0 Villers-l\u00e8s-Nancy Ch\u00e2teau de Madame de Graffigny &#8211; 18h45-20h30 Rue Albert 1er, 54600 Villers-l\u00e8s-Nancy Tous publics \/ Entr\u00e9e libre *Jeudi 13 septembre 2018 Gilles LAPORTE Rencontre litt\u00e9raire autour du dernier ouvrage de Gilles LAPORTE\u00a0\u00a0\u00a0\u00a0\u00a0\u00a0\u00a0\u00a0\u00a0\u00a0\u00a0\u00a0\u00a0\u00a0 Les &hellip; <a href=\"https:\/\/associationplumesaconnaitre.com\/index.php\/2018\/08\/17\/saison-2018-2019-des-rencontres-litteraires-apac-a-nancy\/\">Continuer la lecture <span class=\"meta-nav\">&rarr;<\/span><\/a><\/p>\n","protected":false},"author":1,"featured_media":0,"comment_status":"open","ping_status":"open","sticky":false,"template":"","format":"standard","meta":[],"categories":[4],"tags":[],"_links":{"self":[{"href":"https:\/\/associationplumesaconnaitre.com\/index.php\/wp-json\/wp\/v2\/posts\/527"}],"collection":[{"href":"https:\/\/associationplumesaconnaitre.com\/index.php\/wp-json\/wp\/v2\/posts"}],"about":[{"href":"https:\/\/associationplumesaconnaitre.com\/index.php\/wp-json\/wp\/v2\/types\/post"}],"author":[{"embeddable":true,"href":"https:\/\/associationplumesaconnaitre.com\/index.php\/wp-json\/wp\/v2\/users\/1"}],"replies":[{"embeddable":true,"href":"https:\/\/associationplumesaconnaitre.com\/index.php\/wp-json\/wp\/v2\/comments?post=527"}],"version-history":[{"count":14,"href":"https:\/\/associationplumesaconnaitre.com\/index.php\/wp-json\/wp\/v2\/posts\/527\/revisions"}],"predecessor-version":[{"id":698,"href":"https:\/\/associationplumesaconnaitre.com\/index.php\/wp-json\/wp\/v2\/posts\/527\/revisions\/698"}],"wp:attachment":[{"href":"https:\/\/associationplumesaconnaitre.com\/index.php\/wp-json\/wp\/v2\/media?parent=527"}],"wp:term":[{"taxonomy":"category","embeddable":true,"href":"https:\/\/associationplumesaconnaitre.com\/index.php\/wp-json\/wp\/v2\/categories?post=527"},{"taxonomy":"post_tag","embeddable":true,"href":"https:\/\/associationplumesaconnaitre.com\/index.php\/wp-json\/wp\/v2\/tags?post=527"}],"curies":[{"name":"wp","href":"https:\/\/api.w.org\/{rel}","templated":true}]}}