{"id":237,"date":"2018-02-16T19:49:14","date_gmt":"2018-02-16T18:49:14","guid":{"rendered":"http:\/\/associationplumesaconnaitre.com\/?p=237"},"modified":"2018-02-21T10:11:34","modified_gmt":"2018-02-21T09:11:34","slug":"portraits-croises","status":"publish","type":"post","link":"https:\/\/associationplumesaconnaitre.com\/index.php\/2018\/02\/16\/portraits-croises\/","title":{"rendered":"Portraits crois\u00e9s"},"content":{"rendered":"<h2 style=\"text-align: center;\"><strong><span style=\"color: #800000;\">De la benjamine \u00e0 la doyenne&#8230;<\/span><\/strong><\/h2>\n<h2 style=\"text-align: center;\"><strong><span style=\"color: #800000;\">de 17 \u00e0 95 ans&#8230;<\/span><\/strong><\/h2>\n<p style=\"text-align: justify;\"><em>\u00a0\u00a0\u00a0\u00a0\u00a0\u00a0\u00a0\u00a0\u00a0\u00a0\u00a0 <\/em><span style=\"color: #000000;\">L\u2019A.P.A.C. fait encore mieux que Tintin (qui s\u2019adresse aux lecteurs\u00a0 de 7 \u00e0 77 ans ) pour ce qui est de l\u2019\u00e2ge de ses adh\u00e9rents\u00a0! En effet, entre les 95 ans de la doyenne, \u00c9liane Wickleder-Maguin et les 17 ans de la benjamine, H\u00e9lo\u00efse de R\u00e9, il y a 82 ans, excusez du peu<em>\u00a0! <\/em><\/span><span style=\"color: #000000;\">Appliquons, comme cela est d\u2019usage, le privil\u00e8ge de l\u2019\u00e2ge \u00e0 \u00c9liane. <\/span><\/p>\n<p style=\"text-align: justify;\"><span style=\"color: #000000;\"><em><strong> <img decoding=\"async\" loading=\"lazy\" class=\"wp-image-248 alignleft\" src=\"http:\/\/associationplumesaconnaitre.com\/wp-content\/uploads\/2018\/02\/ELIANE-e1518803269829.jpg\" alt=\"\" width=\"193\" height=\"145\" srcset=\"https:\/\/associationplumesaconnaitre.com\/wp-content\/uploads\/2018\/02\/ELIANE-e1518803269829.jpg 500w, https:\/\/associationplumesaconnaitre.com\/wp-content\/uploads\/2018\/02\/ELIANE-e1518803269829-300x225.jpg 300w\" sizes=\"(max-width: 193px) 100vw, 193px\" \/> <\/strong><\/em><\/span><span style=\"color: #000000;\"><em><strong><span style=\"color: #800000;\">\u00c9liane<\/span><\/strong><\/em> est n\u00e9e en 1922. Apr\u00e8s une enfance pass\u00e9e \u00e0 Joeuf (54), elle vit depuis de tr\u00e8s longues ann\u00e9es \u00e0 Onville (54) dans la riante, champ\u00eatre et lumineuse vall\u00e9e du Rupt de Mad qui a toujours beaucoup inspir\u00e9 sa veine artistique. Elle a cinq filles, cinq petits-fils et deux petites-filles. Elle n\u2019a pas poursuivi d\u2019\u00e9tudes au-del\u00e0 du B.E.P.C. mais sa curiosit\u00e9 toujours en \u00e9veil lui a permis de d\u00e9velopper, avec succ\u00e8s et grand talent, de nombreuses passions artistiques tout au long de sa longue et riche existence.<\/span><\/p>\n<p style=\"text-align: justify;\"><span style=\"color: #000000;\">Au premier rang de ces passions, la premi\u00e8re, chronologiquement, est le chant dont, toute jeune, elle aurait aim\u00e9 faire son m\u00e9tier; il s\u2019en est d\u2019ailleurs fallu de peu puisqu\u2019elle obtient, en 1945, le premier prix d\u2019un concours qui l\u2019am\u00e8ne \u00e0 exercer cette activit\u00e9, avec un certain succ\u00e8s, durant trois ann\u00e9es environ, au conservatoire de Nancy et \u00e0 Radio Lorraine o\u00f9 elle se produit, seule au micro, une fois par mois. Un contrat lui est m\u00eame propos\u00e9 pour partir chanter aux Etats-Unis auquel elle doit h\u00e9las renoncer pour raisons familiales (\u00e0 l\u2019\u00e9poque, il n\u2019\u00e9tait pas question de partir si jeune aussi loin\u00a0!). Ainsi prend fin son grand r\u00eave de jeunesse\u2026<\/span><\/p>\n<p style=\"text-align: justify;\"><span style=\"color: #000000;\">Mais heureusement son grand amour de la musique trouve \u00e0 s\u2019exprimer autrement; elle dirige ainsi des chorales d\u2018enfants pour lesquelles elle \u00e9crit des chants, paroles et musique\u00a0; durant toute sa vie, et encore aujourd\u2019hui, \u00c9liane joue du piano\u00a0; elle peint aussi sans discontinuer, dans tous les styles, ne r\u00e9pugnant jamais \u00e0 explorer de nouvelles techniques ou univers picturaux\u00a0: il faut voir sa maison qui a tout l\u2019aspect d\u2019une galerie d\u2019art\u00a0!<\/span><\/p>\n<p style=\"text-align: justify;\"><span style=\"color: #000000;\">Et puis \u00c9liane \u00e9crit, beaucoup\u00a0: des romans, des nouvelles et surtout de la po\u00e9sie (voir les deux po\u00e8mes joints \u00e0 cet article \u00e9crits \u00e0 des p\u00e9riodes diam\u00e9tralement oppos\u00e9es de la vie de notre po\u00e9tesse). Mais il lui faut atteindre 90 ans pour enfin publier (gr\u00e2ce au soutien actif de l\u2019APAC dont elle est depuis longtemps une fid\u00e8le adh\u00e9rente) son premier recueil de po\u00e8mes,\u00a0<em>P\u00eale-M\u00eale,<\/em> qui re\u00e7oit un excellent accueil et pour lequel elle est l\u2019invit\u00e9e de notre Caf\u00e9 Litt\u00e9raire de Metz, qui rassemble, ce jour-l\u00e0, ses nombreux amis autour d\u2019une tr\u00e8s belle qualit\u00e9 d\u2019\u00e9criture po\u00e9tique et de beaucoup d\u2019\u00e9motion.<\/span><\/p>\n<p style=\"text-align: justify;\"><span style=\"color: #000000;\">Les go\u00fbts artistiques d\u2019\u00c9liane sont tr\u00e8s vari\u00e9s et assez classiques: Mozart, Chopin, Gounod, Schubert (en musique), les impressionnistes (en peinture), Musset et Victor Hugo (en litt\u00e9rature). Malgr\u00e9 ses nombreux talents, elle est rest\u00e9e simple et modeste, elle aime la franchise et rejette les pr\u00e9tentieux\u00a0; elle aime surtout rire et faire rire\u00a0; sa devise est d\u2019ailleurs\u00a0:\u00a0<em>\u00ab\u00a0Souris et l\u2019on te sourira\u00a0\u00bb<\/em> et ceux qui ont la chance de la conna\u00eetre bien peuvent t\u00e9moigner que ce ne sont pas l\u00e0 que des mots\u2026<\/span><\/p>\n<p style=\"text-align: justify;\"><span style=\"color: #000000;\"><em>S<\/em>ouhaitons \u00e0 nos deux si sympathiques et talentueuses adh\u00e9rentes et amies, une pleine r\u00e9ussite dans la suite de toutes leurs activit\u00e9s et cr\u00e9ations artistiques ainsi qu\u2019une vie toujours aussi riche et f\u00e9conde o\u00f9 elles continueront \u00e0 \u00e9clairer le monde qui les entoure de la lumi\u00e8re et du charme de leurs embl\u00e9matiques sourires.<\/span><\/p>\n<h4 style=\"text-align: right;\"><em>\u00a0\u00a0\u00a0\u00a0\u00a0\u00a0\u00a0\u00a0\u00a0\u00a0\u00a0\u00a0\u00a0\u00a0\u00a0\u00a0\u00a0\u00a0\u00a0\u00a0\u00a0\u00a0\u00a0\u00a0\u00a0\u00a0\u00a0\u00a0\u00a0\u00a0 <\/em><strong>Bernard APPEL<\/strong><\/h4>\n<h2><\/h2>\n<p><!--nextpage--><\/p>\n<h2 style=\"text-align: center;\"><strong><em>La bonne odeur<\/em><\/strong><\/h2>\n<h4 style=\"text-align: center;\">La bonne odeur de mon jardin<\/h4>\n<h4 style=\"text-align: center;\">Fait que j&#8217;ai la t\u00eate l\u00e9g\u00e8re.<\/h4>\n<h4 style=\"text-align: center;\">Je me sens mieux, de meilleur train<\/h4>\n<h4 style=\"text-align: center;\">Et d&#8217;une humeur plus printani\u00e8re.<\/h4>\n<h4 style=\"text-align: center;\">M\u00eame quand l&#8217;automne install\u00e9<\/h4>\n<h4 style=\"text-align: center;\">Met sa pourpre \u00e0 la vigne vierge,<\/h4>\n<h4 style=\"text-align: center;\">M\u00eame quand les asters fan\u00e9s<\/h4>\n<h4 style=\"text-align: center;\">Penchent du chef comme, \u00e0 la berge,<\/h4>\n<h4 style=\"text-align: center;\">Reste la barque abandonn\u00e9e,<\/h4>\n<h4 style=\"text-align: center;\">M\u00eame quand plus vous ne serez,<\/h4>\n<h4 style=\"text-align: center;\">Les dahlias, les belles roses,<\/h4>\n<h4 style=\"text-align: center;\">J&#8217;irai parmi vos fleurs d\u00e9closes<\/h4>\n<h4 style=\"text-align: center;\">Pour me souvenir de l&#8217;\u00e9t\u00e9.<\/h4>\n<h4 style=\"text-align: center;\">La bonne odeur de mon jardin<\/h4>\n<h4 style=\"text-align: center;\">M&#8217;emplit tout l&#8217;\u00eatre et je vais bien.<\/h4>\n<h4 style=\"text-align: center;\"><strong><em>\u00c9liane Wickleder-Maguin (6 octobre 2011)<\/em><\/strong><\/h4>\n<h3><\/h3>\n<h3 style=\"text-align: center;\"><\/h3>\n<h2 style=\"text-align: center;\"><strong><em>Dis-Moi<\/em><\/strong><\/h2>\n<h4 style=\"text-align: center;\">Oh! Rester dans tes bras, toute, toute la vie,<\/h4>\n<h4 style=\"text-align: center;\">Dis-moi que ce n&#8217;est pas une douce folie<\/h4>\n<h4 style=\"text-align: center;\">Que de r\u00eaver cela&#8230;<\/h4>\n<h4 style=\"text-align: center;\">Dis-moi qu&#8217;un jour viendra o\u00f9 nous pourrons sans doute<\/h4>\n<h4 style=\"text-align: center;\">Suivre \u00e0 deux une m\u00eame interminable route<\/h4>\n<h4 style=\"text-align: center;\">Dans un pays nouveau&#8230;<\/h4>\n<h4 style=\"text-align: center;\">Et que j&#8217;aurai toujours, pour reposer ma t\u00eate,<\/h4>\n<h4 style=\"text-align: center;\">Une \u00e9paule bien s\u00fbre, \u00e0 mon abandon pr\u00eate,<\/h4>\n<h4 style=\"text-align: center;\">Quand je voudrai dormir&#8230;<\/h4>\n<h4 style=\"text-align: center;\">Dis-moi que tu seras toujours l&#8217;ami fid\u00e8le,<\/h4>\n<h4 style=\"text-align: center;\">L&#8217;amant, le bien-aim\u00e9, que la m\u00eame \u00e9tincelle<\/h4>\n<h4 style=\"text-align: center;\">Brillera dans tes yeux&#8230;<\/h4>\n<h4 style=\"text-align: center;\">Et que, pour tous les jours qui viendront, ta tendresse<\/h4>\n<h4 style=\"text-align: center;\">Restera le doux nid o\u00f9, se plaisant sans cesse,<\/h4>\n<h4 style=\"text-align: center;\">Mon c\u0153ur aura bien chaud&#8230;<\/h4>\n<h4 style=\"text-align: center;\">Ah! Dis-moi tout cela, je veux que tu le dises<\/h4>\n<h4 style=\"text-align: center;\">Car je sais que tu veux aussi que cela soit.<\/h4>\n<h4 style=\"text-align: center;\">Si, malgr\u00e9 tout, plus tard, sans savoir, tu le brises,<\/h4>\n<h4 style=\"text-align: center;\">Ah! Mon cher bien-aim\u00e9, quand m\u00eame dis-le-moi!<\/h4>\n<h4 style=\"text-align: center;\"><strong><em>\u00c9liane Maguin (21 janvier 1946)<\/em><\/strong><\/h4>\n<p><img decoding=\"async\" loading=\"lazy\" class=\"wp-image-254 aligncenter\" src=\"http:\/\/associationplumesaconnaitre.com\/wp-content\/uploads\/2018\/02\/111_Livre_couverture-livre-.png\" alt=\"\" width=\"186\" height=\"266\" \/><\/p>\n<p>Pour faire l&#8217;acquisition du recueil <em><strong><span style=\"color: #800000;\">P\u00eale-M\u00eale<\/span><\/strong><\/em> d\u2019\u00c9liane Maguin, merci de vous adresser \u00e0 l&#8217;APAC qui fera suivre.<\/p>\n<p><!--nextpage--><\/p>\n<p style=\"text-align: justify;\"><span style=\"color: #000000;\"><strong>\u00a0 <\/strong><\/span><span style=\"color: #000000;\"><strong><span style=\"color: #800000;\"><em><img decoding=\"async\" loading=\"lazy\" class=\"wp-image-251 alignleft\" src=\"http:\/\/associationplumesaconnaitre.com\/wp-content\/uploads\/2018\/02\/DSC_00031.jpg\" alt=\"\" width=\"166\" height=\"165\" srcset=\"https:\/\/associationplumesaconnaitre.com\/wp-content\/uploads\/2018\/02\/DSC_00031.jpg 2449w, https:\/\/associationplumesaconnaitre.com\/wp-content\/uploads\/2018\/02\/DSC_00031-150x150.jpg 150w, https:\/\/associationplumesaconnaitre.com\/wp-content\/uploads\/2018\/02\/DSC_00031-300x300.jpg 300w, https:\/\/associationplumesaconnaitre.com\/wp-content\/uploads\/2018\/02\/DSC_00031-768x766.jpg 768w, https:\/\/associationplumesaconnaitre.com\/wp-content\/uploads\/2018\/02\/DSC_00031-1024x1021.jpg 1024w\" sizes=\"(max-width: 166px) 100vw, 166px\" \/> <\/em><\/span><em><span style=\"color: #800000;\">H\u00e9lo\u00efse<\/span><\/em> <\/strong>est n\u00e9e en\u00a0 2000\u00a0! Elle habite Coume, un petit village \u00e0 c\u00f4t\u00e9 de Boulay (57). Elle poursuit actuellement ses \u00e9tudes en 1er S \u00e0 Saint-Avold, dans une fili\u00e8re franco-allemande, visant \u00e0 pr\u00e9parer simultan\u00e9ment le double dipl\u00f4me\u00a0: baccalaur\u00e9at fran\u00e7ais et l\u2019abitur allemand. Si tout se passe bien (et pourquoi en serait-il autrement\u00a0?), elle envisage de viser un master lui permettant de devenir journaliste. Mais son r\u00eave serait un jour de vivre de sa plume\u2026<\/span><\/p>\n<p style=\"text-align: justify;\"><span style=\"color: #000000;\">Et pourquoi pas\u00a0? H\u00e9lo\u00efse est en effet une \u00e9crivaine tr\u00e8s pr\u00e9coce qui a commenc\u00e9 \u00e0 noircir des pages blanches d\u00e8s onze ou douze ans pour publier, \u00e0 14 ans(\u00a0!), un premier ouvrage\u00a0:\u00a0 <strong><em>Le Monde d\u2019En Bas<\/em><\/strong>, d\u2019abord en auto\u00e9dition puis aux \u00c9ditions du Quotidien. Suivront deux autres tomes du m\u00eame livre en 2015 et 2016 publi\u00e9s cette fois chez RruyzZ. H\u00e9lo\u00efse n\u2019a d\u00e9cid\u00e9ment pas perdu de \u00a0temps, avec ces trois livres, pour s\u2019engager dans le genre de la saga<em> de\u00a0\u00ab\u00a0fantasy\u00a0\u00bb <\/em>o\u00f9 les personnages vivent dans un monde diff\u00e9rent du n\u00f4tre, peupl\u00e9 de magiciens et de cr\u00e9atures fantastiques aux pouvoirs extra ordinaires\u00a0!<\/span><\/p>\n<p style=\"text-align: justify;\"><span style=\"color: #000000;\">Elle a par ailleurs \u00e9t\u00e9 s\u00e9lectionn\u00e9e deux fois pour le concours Litt\u00e9rature et Musique Gabriel Piern\u00e9 ce qui lui permet de figurer dans deux recueils collectifs \u00e9dit\u00e9s au\u00a0 \u00ab Souffle Court \u00bb avec deux nouvelles\u00a0: <em>Une nuit avec Baker<\/em> en 2015 et <em>Tel le Ph\u00e9nix<\/em> en 2016. Ces nouvelles adoptent cette fois le genre r\u00e9aliste car H\u00e9lo\u00efse a le souci de diversifier ses styles d\u2019\u00e9criture.<\/span><\/p>\n<p style=\"text-align: justify;\"><span style=\"color: #000000;\">On voit qu\u2019H\u00e9lo\u00efse fait montre d\u2019une imagination cr\u00e9atrice foisonnante, qui n\u2019a rien \u00e0 voir avec de \u00ab\u00a0l\u2019eau de rose\u00a0\u00bb (il suffit pour s\u2019en convaincre de lire <span style=\"color: #000000;\">l\u2019extrait de l\u2019un de ses romans figurant en regard de cet article !)<\/span><em>,<\/em> et que son jeune \u00e2ge ne l\u2019emp\u00eache pas de pr\u00e9senter d\u00e9j\u00e0 un bilan tr\u00e8s fourni.<\/span><\/p>\n<p style=\"text-align: justify;\"><span style=\"color: #000000;\">H\u00e9lo\u00efse est une jeune personne tr\u00e8s souriante appr\u00e9ciant l\u2019humour et qui, au-del\u00e0 d\u2019une apparente timidit\u00e9, aime l\u2019ironie, parfois m\u00eame la d\u00e9rision qu\u2019elle n\u2019h\u00e9site pas \u00e0 s\u2019appliquer \u00e0 elle-m\u00eame ce qui t\u00e9moigne d\u2019une d\u00e9j\u00e0 grande maturit\u00e9 et d\u2019une personnalit\u00e9 bien affirm\u00e9e. <\/span><span style=\"color: #000000;\">Elle appr\u00e9cie l\u2019ouverture d\u2019esprit et essaie de rester gaie et positive quelles que soient les circonstances. <\/span><\/p>\n<p style=\"text-align: justify;\"><span style=\"color: #000000;\">H\u00e9lo\u00efse aime beaucoup lire \u00e9videmment et ses go\u00fbts litt\u00e9raires vont vers Pierre Bottero, John Flanagan, Rick Riordan, Daniel Pennac, \u00c9mile Zola et Stendhal. Elle aime la musique celtique, surtout la bretonne, sur laquelle elle adore danser dans les bals \u00ab folk\u00a0\u00bb qui comptent parmi ses rares loisirs, car, \u00e9tudes obligent, elle court constamment apr\u00e8s le temps. Ses go\u00fbts r\u00e9v\u00e8lent un certain \u00e9clectisme entre la modernit\u00e9 sp\u00e9cifique et naturelle pour son \u00e2ge et un certain classicisme.<\/span><\/p>\n<p style=\"text-align: justify;\"><span style=\"color: #000000;\">On ne s\u2019\u00e9tonnera donc pas qu\u2019une cr\u00e9atrice telle H\u00e9lo\u00efse, si passionn\u00e9e et si bouillonnante de l\u2019envie de donner vie \u00e0 des univers aussi riches et fantastiques que ceux de ses romans, se choisisse comme devise, ou plut\u00f4t comme slogan\u00a0: <em>\u00ab L\u2019imagination au pouvoir\u00a0!\u00a0\u00bb<\/em><\/span><\/p>\n<h3 style=\"text-align: right;\"><span style=\"color: #000000;\">\u00a0<strong>Bernard Appel<\/strong><br \/>\n<\/span><\/h3>\n<p style=\"text-align: justify;\"><span style=\"color: #000000;\"><em>\u00a0<\/em><\/span><!--nextpage--><\/p>\n<p>&nbsp;<\/p>\n<h3><em><strong><img decoding=\"async\" loading=\"lazy\" class=\"wp-image-239 alignleft\" src=\"http:\/\/associationplumesaconnaitre.com\/wp-content\/uploads\/2018\/02\/heloise-de-re-lmdeb-t3-1ere-de-couverture-logo.jpg\" alt=\"\" width=\"134\" height=\"202\" srcset=\"https:\/\/associationplumesaconnaitre.com\/wp-content\/uploads\/2018\/02\/heloise-de-re-lmdeb-t3-1ere-de-couverture-logo.jpg 432w, https:\/\/associationplumesaconnaitre.com\/wp-content\/uploads\/2018\/02\/heloise-de-re-lmdeb-t3-1ere-de-couverture-logo-199x300.jpg 199w\" sizes=\"(max-width: 134px) 100vw, 134px\" \/><img decoding=\"async\" loading=\"lazy\" class=\"wp-image-252 alignleft\" src=\"http:\/\/associationplumesaconnaitre.com\/wp-content\/uploads\/2018\/02\/DSC_00261.jpg\" alt=\"\" width=\"245\" height=\"158\" srcset=\"https:\/\/associationplumesaconnaitre.com\/wp-content\/uploads\/2018\/02\/DSC_00261.jpg 3282w, https:\/\/associationplumesaconnaitre.com\/wp-content\/uploads\/2018\/02\/DSC_00261-300x194.jpg 300w, https:\/\/associationplumesaconnaitre.com\/wp-content\/uploads\/2018\/02\/DSC_00261-768x497.jpg 768w, https:\/\/associationplumesaconnaitre.com\/wp-content\/uploads\/2018\/02\/DSC_00261-1024x663.jpg 1024w\" sizes=\"(max-width: 245px) 100vw, 245px\" \/><\/strong><\/em><\/h3>\n<h3><\/h3>\n<h3><\/h3>\n<h3><\/h3>\n<h3><\/h3>\n<h3><em><strong>Extrait du tome 3 &#8211; Le Monde d&#8217;en Bas<\/strong><\/em><\/h3>\n<h2 class=\"title-heading-left\" data-fontsize=\"34\" data-lineheight=\"48\"><span style=\"color: #000000;\"><strong><em>L\u2019espion de Vrisac<\/em><\/strong><\/span><\/h2>\n<p><span style=\"color: #000000;\">\u2026\/\u2026<\/span><\/p>\n<p style=\"text-align: justify;\"><span style=\"color: #000000;\"><strong>\u00a0\u00a0\u00a0\u00a0\u00a0\u00a0\u00a0\u00a0\u00a0\u00a0\u00a0 <\/strong>Minia Crisette nettoyait la cuisine avec application. Son fils a\u00een\u00e9, Pierronnel, devait venir d\u00eener le soir m\u00eame avec sa jeune compagne Arm\u00e9liss. Ils lui avaient promis une grande nouvelle.<\/span><\/p>\n<p style=\"text-align: justify;\"><span style=\"color: #000000;\">Minia voulait donc que tout soit parfait. Elle jeta un coup d\u2019\u0153il vers l&#8217;horloge murale de la pi\u00e8ce et poussa un soupir sonore. Magaud, son \u00e9poux, \u00e9tait parti depuis le matin et elle ne savait pas o\u00f9 il se trouvait \u00e0 pr\u00e9sent. Elle avait essay\u00e9 de le t\u00e9l\u00e9pather \u00e0 plusieurs reprises, en vain. Cependant, elle ne s&#8217;inqui\u00e9tait pas vraiment car ce n&#8217;\u00e9tait pas la premi\u00e8re fois que son \u00e9tourdi de mari oubliait de donner de ses nouvelles.<\/span><\/p>\n<p style=\"text-align: justify;\"><span style=\"color: #000000;\">Minia frotta une derni\u00e8re fois le plan de travail puis se lava les mains et s&#8217;\u00e9croula sur une chaise. Elle se sentait si fatigu\u00e9e&#8230;! Elle entendit alors un bruit provenant du couloir de l&#8217;entr\u00e9e. Elle bondit sur ses pieds et se pr\u00e9cipita vers la porte qui reliait les deux pi\u00e8ces. En ouvrant le battant elle soupira de soulagement&#8230;<\/span><\/p>\n<p style=\"text-align: justify;\"><span style=\"color: #000000;\">Magaud \u00e9tait rentr\u00e9.<\/span><\/p>\n<p style=\"text-align: justify;\"><span style=\"color: #000000;\">&#8220;- Tu m&#8217;as fait peur!&#8221; lui lan\u00e7a-t-elle sur un ton de reproche.<\/span><\/p>\n<p style=\"text-align: justify;\"><span style=\"color: #000000;\">Magaud ne r\u00e9pondit pas. Il s&#8217;approcha lentement d&#8217;elle. Son regard, \u00e9trangement \u00e9teint, semblait presque mena\u00e7ant. Minia sentit un frisson d&#8217;angoisse parcourir son corps.<\/span><\/p>\n<p style=\"text-align: justify;\"><span style=\"color: #000000;\">&#8220;- Magaud&#8230;?&#8221;<\/span><\/p>\n<p style=\"text-align: justify;\"><span style=\"color: #000000;\">Mais son \u00e9poux ne parlait toujours pas. Il se contentait d&#8217;avancer dans sa direction.<\/span><\/p>\n<p style=\"text-align: justify;\"><span style=\"color: #000000;\">&#8221; <em>On dirait un fant\u00f4me&#8221;<\/em>&#8230; ne put s&#8217;emp\u00eacher de penser Minia.<\/span><\/p>\n<p style=\"text-align: justify;\"><span style=\"color: #000000;\">Tout s&#8217;acc\u00e9l\u00e9ra alors. Magaud Crisette se jeta sur son \u00e9pouse, la plaqua contre le mur et enserra son cou de ses mains. Le visage de Minia virait au rouge au fur et \u00e0 mesure qu&#8217;elle sentait l&#8217;air lui manquer.<\/span><\/p>\n<p style=\"text-align: justify;\"><span style=\"color: #000000;\">&#8221; &#8211; Magaud&#8230;&#8221; parvint-elle \u00e0 souffler.<\/span><\/p>\n<p style=\"text-align: justify;\"><span style=\"color: #000000;\">Un rictus mauvais apparut sur le visage du d\u00e9ment et il serra plus fort encore. Les yeux de Minia devinrent exorbit\u00e9s mais il ne l\u00e2cha pas.<\/span><\/p>\n<p style=\"text-align: justify;\"><span style=\"color: #000000;\">&#8220;- Le Ma\u00eetre gagnera; ceux qui r\u00e9sistent mourront.&#8221; siffla-t-il d&#8217;une voix qui n&#8217;\u00e9tait pas la sienne.<\/span><\/p>\n<p style=\"text-align: justify;\"><span style=\"color: #000000;\">Ce furent les derni\u00e8res paroles que Minia entendit. Elle s&#8217;affaissa et, seules les mains de Magaud, crisp\u00e9es autour de son cou, la retinrent. Puis son assassin la l\u00e2cha et elle tomba \u00e0 terre. Il s&#8217;\u00e9loigna, l&#8217;abandonnant gisant sur le sol. Il s&#8217;assit alors sur le canap\u00e9 du salon et attendit, les yeux fixes.<\/span><\/p>\n<p><span style=\"color: #000000;\"><strong><em>&#8230;\/&#8230;<\/em><\/strong><\/span><\/p>\n<p style=\"text-align: right;\"><span style=\"color: #000000;\"><strong><em>H\u00e9lo\u00efse De R\u00e9<\/em><\/strong><\/span><\/p>\n<p><span style=\"color: #000000;\">Contacter l&#8217;auteure :<\/span><\/p>\n<p><span style=\"color: #000000;\">Facebook\u00a0:<\/span> <a href=\"https:\/\/www.facebook.com\/HeloiseDeRe\">https:\/\/www.facebook.com\/HeloiseDeRe<\/a>\/<\/p>\n<p>Site officiel :\u00a0 <a href=\"http:\/\/heloise-de-re.fr\">http:\/\/heloise-de-re.fr<\/a><\/p>\n<p style=\"text-align: right;\"><strong><em>\u00a0<\/em><\/strong><\/p>\n<p>&nbsp;<\/p>\n<p>&nbsp;<\/p>\n<p>&nbsp;<\/p>\n<p>&nbsp;<\/p>\n<p>&nbsp;<\/p>\n","protected":false},"excerpt":{"rendered":"<p>De la benjamine \u00e0 la doyenne&#8230; de 17 \u00e0 95 ans&#8230; \u00a0\u00a0\u00a0\u00a0\u00a0\u00a0\u00a0\u00a0\u00a0\u00a0\u00a0 L\u2019A.P.A.C. fait encore mieux que Tintin (qui s\u2019adresse aux lecteurs\u00a0 de 7 \u00e0 77 ans ) pour ce qui est de l\u2019\u00e2ge de ses adh\u00e9rents\u00a0! En effet, entre &hellip; <a href=\"https:\/\/associationplumesaconnaitre.com\/index.php\/2018\/02\/16\/portraits-croises\/\">Continuer la lecture <span class=\"meta-nav\">&rarr;<\/span><\/a><\/p>\n","protected":false},"author":1,"featured_media":0,"comment_status":"open","ping_status":"open","sticky":false,"template":"","format":"standard","meta":[],"categories":[15],"tags":[],"_links":{"self":[{"href":"https:\/\/associationplumesaconnaitre.com\/index.php\/wp-json\/wp\/v2\/posts\/237"}],"collection":[{"href":"https:\/\/associationplumesaconnaitre.com\/index.php\/wp-json\/wp\/v2\/posts"}],"about":[{"href":"https:\/\/associationplumesaconnaitre.com\/index.php\/wp-json\/wp\/v2\/types\/post"}],"author":[{"embeddable":true,"href":"https:\/\/associationplumesaconnaitre.com\/index.php\/wp-json\/wp\/v2\/users\/1"}],"replies":[{"embeddable":true,"href":"https:\/\/associationplumesaconnaitre.com\/index.php\/wp-json\/wp\/v2\/comments?post=237"}],"version-history":[{"count":14,"href":"https:\/\/associationplumesaconnaitre.com\/index.php\/wp-json\/wp\/v2\/posts\/237\/revisions"}],"predecessor-version":[{"id":269,"href":"https:\/\/associationplumesaconnaitre.com\/index.php\/wp-json\/wp\/v2\/posts\/237\/revisions\/269"}],"wp:attachment":[{"href":"https:\/\/associationplumesaconnaitre.com\/index.php\/wp-json\/wp\/v2\/media?parent=237"}],"wp:term":[{"taxonomy":"category","embeddable":true,"href":"https:\/\/associationplumesaconnaitre.com\/index.php\/wp-json\/wp\/v2\/categories?post=237"},{"taxonomy":"post_tag","embeddable":true,"href":"https:\/\/associationplumesaconnaitre.com\/index.php\/wp-json\/wp\/v2\/tags?post=237"}],"curies":[{"name":"wp","href":"https:\/\/api.w.org\/{rel}","templated":true}]}}