{"id":1458,"date":"2019-11-08T19:46:33","date_gmt":"2019-11-08T18:46:33","guid":{"rendered":"http:\/\/associationplumesaconnaitre.com\/?p=1458"},"modified":"2019-11-08T19:46:33","modified_gmt":"2019-11-08T18:46:33","slug":"un-ami-nous-a-quittes-2","status":"publish","type":"post","link":"https:\/\/associationplumesaconnaitre.com\/index.php\/2019\/11\/08\/un-ami-nous-a-quittes-2\/","title":{"rendered":"Un ami nous a quitt\u00e9s&#8230;"},"content":{"rendered":"<p>Nous avons eu la profonde tristesse de perdre un ami, <b>David MECKLER<\/b>, membre de l&#8217;association, le 27 octobre 2019.<\/p>\n<p>La maladie, h\u00e9las, a eu raison de toute son incroyable r\u00e9sistance physique et morale tout au long de ces derniers mois. Il aura eu le grand r\u00e9confort d&#8217;\u00eatre quotidiennement accompagn\u00e9 et soutenu par Franco, notre Tr\u00e9sorier, tous deux unis par une belle et sinc\u00e8re amiti\u00e9. <a href=\"http:\/\/associationplumesaconnaitre.com\/wp-content\/uploads\/2019\/11\/IMG_20191108_0001-e1573238623141.jpg\"><img decoding=\"async\" loading=\"lazy\" class=\" wp-image-1456 alignright\" src=\"http:\/\/associationplumesaconnaitre.com\/wp-content\/uploads\/2019\/11\/IMG_20191108_0001-e1573238623141-300x193.jpg\" alt=\"\" width=\"359\" height=\"231\" srcset=\"https:\/\/associationplumesaconnaitre.com\/wp-content\/uploads\/2019\/11\/IMG_20191108_0001-e1573238623141-300x193.jpg 300w, https:\/\/associationplumesaconnaitre.com\/wp-content\/uploads\/2019\/11\/IMG_20191108_0001-e1573238623141-768x494.jpg 768w, https:\/\/associationplumesaconnaitre.com\/wp-content\/uploads\/2019\/11\/IMG_20191108_0001-e1573238623141-1024x659.jpg 1024w\" sizes=\"(max-width: 359px) 100vw, 359px\" \/><\/a><\/p>\n<p style=\"text-align: center;\">Toutes nos pens\u00e9es se rappellent au d\u00e9c\u00e8s brutal et si douloureux \u00e0 celles et ceux qui la connaissaient de <b>Jo<\/b>, son \u00e9pouse, fid\u00e8le adh\u00e9rente de l&#8217;APAC, belle personne et si attach\u00e9e \u00e0 nos rencontres litt\u00e9raires messines, le 1er juin 2015.<\/p>\n","protected":false},"excerpt":{"rendered":"<p>Nous avons eu la profonde tristesse de perdre un ami, David MECKLER, membre de l&#8217;association, le 27 octobre 2019. La maladie, h\u00e9las, a eu raison de toute son incroyable r\u00e9sistance physique et morale tout au long de ces derniers mois. &hellip; <a href=\"https:\/\/associationplumesaconnaitre.com\/index.php\/2019\/11\/08\/un-ami-nous-a-quittes-2\/\">Continuer la lecture <span class=\"meta-nav\">&rarr;<\/span><\/a><\/p>\n","protected":false},"author":1,"featured_media":0,"comment_status":"open","ping_status":"open","sticky":false,"template":"","format":"standard","meta":[],"categories":[1],"tags":[],"_links":{"self":[{"href":"https:\/\/associationplumesaconnaitre.com\/index.php\/wp-json\/wp\/v2\/posts\/1458"}],"collection":[{"href":"https:\/\/associationplumesaconnaitre.com\/index.php\/wp-json\/wp\/v2\/posts"}],"about":[{"href":"https:\/\/associationplumesaconnaitre.com\/index.php\/wp-json\/wp\/v2\/types\/post"}],"author":[{"embeddable":true,"href":"https:\/\/associationplumesaconnaitre.com\/index.php\/wp-json\/wp\/v2\/users\/1"}],"replies":[{"embeddable":true,"href":"https:\/\/associationplumesaconnaitre.com\/index.php\/wp-json\/wp\/v2\/comments?post=1458"}],"version-history":[{"count":1,"href":"https:\/\/associationplumesaconnaitre.com\/index.php\/wp-json\/wp\/v2\/posts\/1458\/revisions"}],"predecessor-version":[{"id":1459,"href":"https:\/\/associationplumesaconnaitre.com\/index.php\/wp-json\/wp\/v2\/posts\/1458\/revisions\/1459"}],"wp:attachment":[{"href":"https:\/\/associationplumesaconnaitre.com\/index.php\/wp-json\/wp\/v2\/media?parent=1458"}],"wp:term":[{"taxonomy":"category","embeddable":true,"href":"https:\/\/associationplumesaconnaitre.com\/index.php\/wp-json\/wp\/v2\/categories?post=1458"},{"taxonomy":"post_tag","embeddable":true,"href":"https:\/\/associationplumesaconnaitre.com\/index.php\/wp-json\/wp\/v2\/tags?post=1458"}],"curies":[{"name":"wp","href":"https:\/\/api.w.org\/{rel}","templated":true}]}}